{"id":21525,"date":"2019-10-23T13:09:13","date_gmt":"2019-10-23T11:09:13","guid":{"rendered":"https:\/\/www.warak.com\/asistimos-a-la-feria-fefco-2019-en-ginebra\/"},"modified":"2025-09-16T09:52:16","modified_gmt":"2025-09-16T07:52:16","slug":"asistimos-a-la-feria-fefco-2019-en-ginebra","status":"publish","type":"post","link":"https:\/\/www.warak.com\/ca\/asistimos-a-la-feria-fefco-2019-en-ginebra\/","title":{"rendered":"Vam assistir a la fira FEFCO 2019 a Ginebra."},"content":{"rendered":"<div class=\"vgblk-rw-wrapper limit-wrapper\">\n\n\tAquest any, els protagonistes de FEFCO han estat els sistemes d&#8217;automatitzaci\u00f3, acci\u00f3 remota, millora de productivitat, tra\u00e7abilitat&#8230; en fi, la ja coneguda ind\u00fastria 4.0, que ja no \u00e9s quelcom lluny\u00e0, i aix\u00ed ho demostren els fabricants llan\u00e7ant les seves novetats en aquesta fira.\nPel que fa a la millora de productivitat, destaca el magatzem vertical, que es posiciona com la millor alternativa per proporcionar a les f\u00e0briques el pulm\u00f3 i l&#8217;automatitzaci\u00f3 per millorar-ne el rendiment, lluny ja de sistemes plans o h\u00edbrids, que representen solucions a mitges o a molt curt termini.\nQuant a la connectivitat, la nostra representada FOSBER va presentar el seu nou sistema d&#8217;assist\u00e8ncia t\u00e8cnica PRO-CARE, que estalvia costos i permet assist\u00e8ncia immediata gr\u00e0cies al seu casc d&#8217;atenci\u00f3 remota, amb el qual l&#8217;operari a planta pot resoldre qualsevol situaci\u00f3 compartint visi\u00f3 i informaci\u00f3 amb el centre d&#8217;assist\u00e8ncia en temps real.\nPer a m\u00e9s informaci\u00f3 sobre aquest sistema, podeu veure la <strong><a href=\"https:\/\/youtu.be\/uU3DwAtMm4I\" target=\"_blank\" rel=\"noopener\">presentaci\u00f3.<\/a><\/strong>\n\n<\/div><!-- .vgblk-rw-wrapper -->","protected":false},"excerpt":{"rendered":"<p>Aquest any, els protagonistes de FEFCO han estat els sistemes d&#8217;automatitzaci\u00f3, acci\u00f3 remota, millora de productivitat, tra\u00e7abilitat&#8230; en fi, la ja coneguda ind\u00fastria 4.0, que ja no \u00e9s quelcom lluny\u00e0,&#8230;<\/p>\n","protected":false},"author":1,"featured_media":21527,"comment_status":"closed","ping_status":"closed","sticky":false,"template":"","format":"standard","meta":{"inline_featured_image":false,"_price":"","_stock":"","_tribe_ticket_header":"","_tribe_default_ticket_provider":"","_ticket_start_date":"","_ticket_end_date":"","_tribe_ticket_show_description":"","_tribe_ticket_show_not_going":false,"_tribe_ticket_use_global_stock":"","_tribe_ticket_global_stock_level":"","_global_stock_mode":"","_global_stock_cap":"","_tribe_rsvp_for_event":"","_tribe_ticket_going_count":"","_tribe_ticket_not_going_count":"","_tribe_tickets_list":"[]","_tribe_ticket_has_attendee_info_fields":false,"footnotes":""},"categories":[1731],"tags":[100,1732],"class_list":["post-21525","post","type-post","status-publish","format-standard","has-post-thumbnail","hentry","category-corrugated-ca","tag-ferias-y-eventos","tag-ferias-y-eventos-ca"],"_links":{"self":[{"href":"https:\/\/www.warak.com\/ca\/wp-json\/wp\/v2\/posts\/21525","targetHints":{"allow":["GET"]}}],"collection":[{"href":"https:\/\/www.warak.com\/ca\/wp-json\/wp\/v2\/posts"}],"about":[{"href":"https:\/\/www.warak.com\/ca\/wp-json\/wp\/v2\/types\/post"}],"author":[{"embeddable":true,"href":"https:\/\/www.warak.com\/ca\/wp-json\/wp\/v2\/users\/1"}],"replies":[{"embeddable":true,"href":"https:\/\/www.warak.com\/ca\/wp-json\/wp\/v2\/comments?post=21525"}],"version-history":[{"count":2,"href":"https:\/\/www.warak.com\/ca\/wp-json\/wp\/v2\/posts\/21525\/revisions"}],"predecessor-version":[{"id":25924,"href":"https:\/\/www.warak.com\/ca\/wp-json\/wp\/v2\/posts\/21525\/revisions\/25924"}],"wp:featuredmedia":[{"embeddable":true,"href":"https:\/\/www.warak.com\/ca\/wp-json\/wp\/v2\/media\/21527"}],"wp:attachment":[{"href":"https:\/\/www.warak.com\/ca\/wp-json\/wp\/v2\/media?parent=21525"}],"wp:term":[{"taxonomy":"category","embeddable":true,"href":"https:\/\/www.warak.com\/ca\/wp-json\/wp\/v2\/categories?post=21525"},{"taxonomy":"post_tag","embeddable":true,"href":"https:\/\/www.warak.com\/ca\/wp-json\/wp\/v2\/tags?post=21525"}],"curies":[{"name":"wp","href":"https:\/\/api.w.org\/{rel}","templated":true}]}}