{"id":21539,"date":"2019-07-05T09:50:34","date_gmt":"2019-07-05T07:50:34","guid":{"rendered":"https:\/\/www.warak.com\/xix-congreso-de-afco-en-huelva\/"},"modified":"2025-04-23T11:12:32","modified_gmt":"2025-04-23T09:12:32","slug":"xix-congreso-de-afco-en-huelva","status":"publish","type":"post","link":"https:\/\/www.warak.com\/ca\/xix-congreso-de-afco-en-huelva\/","title":{"rendered":"XIX Congreso de AFCO en Huelva"},"content":{"rendered":"<div class=\"vgblk-rw-wrapper limit-wrapper\">\n<p>&nbsp;<\/p>\nTres d\u00edas de ponencias y actividades organizadas por la asociaci\u00f3n AFCO, dieron para renovar conocimientos y compartir experiencias entre los cerca de 200 asistentes que representaron el panorama actual del sector del cart\u00f3n en Espa\u00f1a.\nDon Leopoldo Santorrom\u00e1n, Presidente de AFCO lanz\u00f3 un mensaje de positivismo, apoyado por charlas de reconocidos analistas que abordaron tendencias y problem\u00e1ticas que afectan a nuestro sector y nuestras empresas.\nLa conclusi\u00f3n general fue que el crecimiento de la econom\u00eda circular como motor para la sostenibilidad, y la cada vez mayor conciencia en la mente del consumidor, sobre reducir el uso de pl\u00e1sticos en los envases, garantiza una etapa de crecimiento a las empresas que est\u00e9n asociadas a la idea del reciclaje y la industria \u00abverde\u00bb en general.\n<\/div><!-- .vgblk-rw-wrapper -->","protected":false},"excerpt":{"rendered":"<p>&nbsp; Tres d\u00edas de ponencias y actividades organizadas por la asociaci\u00f3n AFCO, dieron para renovar conocimientos y compartir experiencias entre los cerca de 200 asistentes que representaron el panorama actual&#8230;<\/p>\n","protected":false},"author":1,"featured_media":21540,"comment_status":"closed","ping_status":"closed","sticky":false,"template":"","format":"standard","meta":{"inline_featured_image":false,"_price":"","_stock":"","_tribe_ticket_header":"","_tribe_default_ticket_provider":"","_ticket_start_date":"","_ticket_end_date":"","_tribe_ticket_show_description":"","_tribe_ticket_show_not_going":false,"_tribe_ticket_use_global_stock":"","_tribe_ticket_global_stock_level":"","_global_stock_mode":"","_global_stock_cap":"","_tribe_rsvp_for_event":"","_tribe_ticket_going_count":"","_tribe_ticket_not_going_count":"","_tribe_tickets_list":"[]","_tribe_ticket_has_attendee_info_fields":false,"footnotes":""},"categories":[1731],"tags":[105,1762],"class_list":["post-21539","post","type-post","status-publish","format-standard","has-post-thumbnail","hentry","category-corrugated-ca","tag-ferias-sector","tag-ferias-sector-ca"],"_links":{"self":[{"href":"https:\/\/www.warak.com\/ca\/wp-json\/wp\/v2\/posts\/21539","targetHints":{"allow":["GET"]}}],"collection":[{"href":"https:\/\/www.warak.com\/ca\/wp-json\/wp\/v2\/posts"}],"about":[{"href":"https:\/\/www.warak.com\/ca\/wp-json\/wp\/v2\/types\/post"}],"author":[{"embeddable":true,"href":"https:\/\/www.warak.com\/ca\/wp-json\/wp\/v2\/users\/1"}],"replies":[{"embeddable":true,"href":"https:\/\/www.warak.com\/ca\/wp-json\/wp\/v2\/comments?post=21539"}],"version-history":[{"count":1,"href":"https:\/\/www.warak.com\/ca\/wp-json\/wp\/v2\/posts\/21539\/revisions"}],"predecessor-version":[{"id":24839,"href":"https:\/\/www.warak.com\/ca\/wp-json\/wp\/v2\/posts\/21539\/revisions\/24839"}],"wp:featuredmedia":[{"embeddable":true,"href":"https:\/\/www.warak.com\/ca\/wp-json\/wp\/v2\/media\/21540"}],"wp:attachment":[{"href":"https:\/\/www.warak.com\/ca\/wp-json\/wp\/v2\/media?parent=21539"}],"wp:term":[{"taxonomy":"category","embeddable":true,"href":"https:\/\/www.warak.com\/ca\/wp-json\/wp\/v2\/categories?post=21539"},{"taxonomy":"post_tag","embeddable":true,"href":"https:\/\/www.warak.com\/ca\/wp-json\/wp\/v2\/tags?post=21539"}],"curies":[{"name":"wp","href":"https:\/\/api.w.org\/{rel}","templated":true}]}}