{"id":22382,"date":"2021-01-11T15:35:00","date_gmt":"2021-01-11T14:35:00","guid":{"rendered":"https:\/\/www.warak.com\/?p=22382"},"modified":"2025-04-15T10:00:46","modified_gmt":"2025-04-15T08:00:46","slug":"magatzem-vertical-per-a-lampliacio-de-nowa-sol-a-polonia","status":"publish","type":"post","link":"https:\/\/www.warak.com\/ca\/magatzem-vertical-per-a-lampliacio-de-nowa-sol-a-polonia\/","title":{"rendered":"Magatzem vertical per a l&#8217;ampliaci\u00f3 de Nowa S\u00f3l a Pol\u00f2nia"},"content":{"rendered":"<div class=\"vgblk-rw-wrapper limit-wrapper\">\n<p>La multinacional <a href=\"https:\/\/www.modelgroup.com\/\" target=\"_blank\" rel=\"noreferrer noopener nofollow\">MODEL<\/a> ens ha confiat tamb\u00e9 el disseny i instal\u00b7laci\u00f3 d&#8217;un magatzem vertical autom\u00e0tic de grans dimensions. El magatzem, per planxa en proc\u00e9s, est\u00e0 situat a la seva f\u00e0brica de cartr\u00f3 a Nowa S\u00f3l (Pol\u00f2nia).<\/p>\n<p>El projecte estar\u00e0 operatiu en el 4t trimestre d&#8217;aquest any 2021.<\/p>\n<\/div><!-- .vgblk-rw-wrapper -->","protected":false},"excerpt":{"rendered":"<p>La multinacional MODEL ens ha confiat tamb\u00e9 el disseny i instal\u00b7laci\u00f3 d&#8217;un magatzem vertical autom\u00e0tic de grans dimensions. El magatzem, per planxa en proc\u00e9s, est\u00e0 situat a la seva f\u00e0brica&#8230;<\/p>\n","protected":false},"author":1,"featured_media":22365,"comment_status":"closed","ping_status":"closed","sticky":false,"template":"","format":"standard","meta":{"inline_featured_image":false,"_price":"","_stock":"","_tribe_ticket_header":"","_tribe_default_ticket_provider":"","_ticket_start_date":"","_ticket_end_date":"","_tribe_ticket_show_description":"","_tribe_ticket_show_not_going":false,"_tribe_ticket_use_global_stock":"","_tribe_ticket_global_stock_level":"","_global_stock_mode":"","_global_stock_cap":"","_tribe_rsvp_for_event":"","_tribe_ticket_going_count":"","_tribe_ticket_not_going_count":"","_tribe_tickets_list":"[]","_tribe_ticket_has_attendee_info_fields":false,"footnotes":""},"categories":[1764,1763],"tags":[],"class_list":["post-22382","post","type-post","status-publish","format-standard","has-post-thumbnail","hentry","category-logistica-ca","category-ingenieria-ca"],"_links":{"self":[{"href":"https:\/\/www.warak.com\/ca\/wp-json\/wp\/v2\/posts\/22382","targetHints":{"allow":["GET"]}}],"collection":[{"href":"https:\/\/www.warak.com\/ca\/wp-json\/wp\/v2\/posts"}],"about":[{"href":"https:\/\/www.warak.com\/ca\/wp-json\/wp\/v2\/types\/post"}],"author":[{"embeddable":true,"href":"https:\/\/www.warak.com\/ca\/wp-json\/wp\/v2\/users\/1"}],"replies":[{"embeddable":true,"href":"https:\/\/www.warak.com\/ca\/wp-json\/wp\/v2\/comments?post=22382"}],"version-history":[{"count":1,"href":"https:\/\/www.warak.com\/ca\/wp-json\/wp\/v2\/posts\/22382\/revisions"}],"predecessor-version":[{"id":24814,"href":"https:\/\/www.warak.com\/ca\/wp-json\/wp\/v2\/posts\/22382\/revisions\/24814"}],"wp:featuredmedia":[{"embeddable":true,"href":"https:\/\/www.warak.com\/ca\/wp-json\/wp\/v2\/media\/22365"}],"wp:attachment":[{"href":"https:\/\/www.warak.com\/ca\/wp-json\/wp\/v2\/media?parent=22382"}],"wp:term":[{"taxonomy":"category","embeddable":true,"href":"https:\/\/www.warak.com\/ca\/wp-json\/wp\/v2\/categories?post=22382"},{"taxonomy":"post_tag","embeddable":true,"href":"https:\/\/www.warak.com\/ca\/wp-json\/wp\/v2\/tags?post=22382"}],"curies":[{"name":"wp","href":"https:\/\/api.w.org\/{rel}","templated":true}]}}