{"id":22567,"date":"2021-01-11T12:44:00","date_gmt":"2021-01-11T11:44:00","guid":{"rendered":"https:\/\/www.warak.com\/?p=22567"},"modified":"2025-08-05T10:59:22","modified_gmt":"2025-08-05T08:59:22","slug":"la-simulacio-digital-ii-trencar-les-idees-preconcebudes-en-magatzems-verticals","status":"publish","type":"post","link":"https:\/\/www.warak.com\/ca\/la-simulacio-digital-ii-trencar-les-idees-preconcebudes-en-magatzems-verticals\/","title":{"rendered":"La simulaci\u00f3 digital (II) : trencar les idees preconcebudes en magatzems verticals"},"content":{"rendered":"<div class=\"vgblk-rw-wrapper limit-wrapper\">\n\n\t<p>Els magatzems verticals s\u00f3n una molt bona opci\u00f3 per a f\u00e0briques o espais amb una al\u00e7ada considerable. Aix\u00ed aconseguim aprofitar al m\u00e0xim aquesta altura i utilitzem una superf\u00edcie considerablement menor. Aquests magatzems s\u00f3n autom\u00e0tics basats en el principi de mercaderia a l&#8217;home. \u00c9s el treballador el que escull el producte que vol rebre i el transelevador li porta fins al punt de recollida. Consten d&#8217;un disseny compacte i els productes es mouen de forma r\u00e0pida (segons el cicle de c\u00e0rrega dels transelevadors usats), reduint el temps d&#8217;espera i agilitzant la log\u00edstica. Perqu\u00e8 tot aix\u00f2 funcioni correctament cal tenir una gesti\u00f3 de l&#8217;estoc rigorosa.<\/p>\n<p>El magatzem vertical pot actuar com a unitat \u00fanica de treball en una f\u00e0brica o pot formar part de tot el proc\u00e9s log\u00edstic en cadena, sobretot a trav\u00e9s de les m\u00e9s noves tecnologies aplicades segons les necessitats de cada empresa.&nbsp;<\/p>\n<p>El transelevador anir\u00e0 a buscar la comanda autom\u00e0ticament (en el cas dels projectes de Warak, el transelevador pot treballar amb diversos comandes a la vegada). El consumidor o el client \u00e9s cada vegada m\u00e9s exigent pel que fa a aconseguir la major productivitat possible. El magatzem vertical aporta avantatges a nivell t\u00e8cnic, d&#8217;efici\u00e8ncia energ\u00e8tica i fins i tot de gesti\u00f3.<\/p>\n<p>En el disseny de magatzems verticals hi ha dos punts clau: la capacitat del rack i els cicles de c\u00e0rrega dels transelevadors. Quant a la primera, la capacitat del rack dependr\u00e0 principalment de la longitud i al\u00e7ada de la mateixa perqu\u00e8 ens donar\u00e0 el nombre de cel\u00b7les \u00fatils. Per\u00f2 hi ha un altre factor que molts obliden: la profunditat de la cel\u00b7la. La cel\u00b7la \u00e9s fruit del que passa a la fi de l&#8217; onduladora. Aix\u00ed, en funci\u00f3 de l&#8217;ample i mix de producci\u00f3 de la mateixa tindrem resultats diferents.<\/p>\n<p>No \u00e9s cert que una onduladora d&#8217;ample 2.800mm ens doni sempre blocs de cartr\u00f3 de 2.800mm de profunditat de cel\u00b7la. Nom\u00e9s l&#8217;an\u00e0lisi de les dades de sortida de piles d&#8217; onduladora ens donar\u00e0 la profunditat de cel\u00b7la \u00f2ptima. Com a exemple, amb una onduladora de 2.800mm sabem que hi ha una millora de rendiment del rack d&#8217;un 6% al canviar la profunditat de cel\u00b7la a 2.900mm. El mix amb la mida de les comandes i el parc de maquin\u00e0ria de transformaci\u00f3 s\u00f3n els factors m\u00e9s importants en la combinaci\u00f3 de piles de cartr\u00f3 per al magatzem vertical. La seva variabilitat \u00e9s inferior al que podem suposar ja que els clients actuals de la f\u00e0brica de cartr\u00f3 i les m\u00e0quines instal\u00b7lades s\u00f3n factors amb pocs canvis.<\/p>\n<p>I les conclusions que traiem d&#8217;un possible canvi s\u00f3n gr\u00e0cies a la simulaci\u00f3 digital. Coneixent com pot canviar l&#8217;espai o l&#8217;acci\u00f3, podem donar per fet el resultat i el que necessitem per aplicar aquestes millores.<\/p>\n<figure>\n<iframe title=\"Warak - Gemelo digital de f\u00e1bricas de cart\u00f3n ondulado\" width=\"1260\" height=\"709\" src=\"https:\/\/www.youtube.com\/embed\/KywL-g6eCQU?feature=oembed\" frameborder=\"0\" allow=\"accelerometer; autoplay; clipboard-write; encrypted-media; gyroscope; picture-in-picture\" allowfullscreen><\/iframe>\n<\/figure>\n\n<\/div><!-- .vgblk-rw-wrapper -->","protected":false},"excerpt":{"rendered":"<p>Els magatzems verticals s\u00f3n una molt bona opci\u00f3 per a f\u00e0briques o espais amb una al\u00e7ada considerable. Aix\u00ed aconseguim aprofitar al m\u00e0xim aquesta altura i utilitzem una superf\u00edcie considerablement menor&#8230;.<\/p>\n","protected":false},"author":1,"featured_media":22444,"comment_status":"closed","ping_status":"closed","sticky":false,"template":"","format":"standard","meta":{"inline_featured_image":false,"_price":"","_stock":"","_tribe_ticket_header":"","_tribe_default_ticket_provider":"","_ticket_start_date":"","_ticket_end_date":"","_tribe_ticket_show_description":"","_tribe_ticket_show_not_going":false,"_tribe_ticket_use_global_stock":"","_tribe_ticket_global_stock_level":"","_global_stock_mode":"","_global_stock_cap":"","_tribe_rsvp_for_event":"","_tribe_ticket_going_count":"","_tribe_ticket_not_going_count":"","_tribe_tickets_list":"[]","_tribe_ticket_has_attendee_info_fields":false,"footnotes":""},"categories":[2049],"tags":[],"class_list":["post-22567","post","type-post","status-publish","format-standard","has-post-thumbnail","hentry","category-tecnic"],"_links":{"self":[{"href":"https:\/\/www.warak.com\/ca\/wp-json\/wp\/v2\/posts\/22567","targetHints":{"allow":["GET"]}}],"collection":[{"href":"https:\/\/www.warak.com\/ca\/wp-json\/wp\/v2\/posts"}],"about":[{"href":"https:\/\/www.warak.com\/ca\/wp-json\/wp\/v2\/types\/post"}],"author":[{"embeddable":true,"href":"https:\/\/www.warak.com\/ca\/wp-json\/wp\/v2\/users\/1"}],"replies":[{"embeddable":true,"href":"https:\/\/www.warak.com\/ca\/wp-json\/wp\/v2\/comments?post=22567"}],"version-history":[{"count":2,"href":"https:\/\/www.warak.com\/ca\/wp-json\/wp\/v2\/posts\/22567\/revisions"}],"predecessor-version":[{"id":25541,"href":"https:\/\/www.warak.com\/ca\/wp-json\/wp\/v2\/posts\/22567\/revisions\/25541"}],"wp:featuredmedia":[{"embeddable":true,"href":"https:\/\/www.warak.com\/ca\/wp-json\/wp\/v2\/media\/22444"}],"wp:attachment":[{"href":"https:\/\/www.warak.com\/ca\/wp-json\/wp\/v2\/media?parent=22567"}],"wp:term":[{"taxonomy":"category","embeddable":true,"href":"https:\/\/www.warak.com\/ca\/wp-json\/wp\/v2\/categories?post=22567"},{"taxonomy":"post_tag","embeddable":true,"href":"https:\/\/www.warak.com\/ca\/wp-json\/wp\/v2\/tags?post=22567"}],"curies":[{"name":"wp","href":"https:\/\/api.w.org\/{rel}","templated":true}]}}