{"id":24920,"date":"2025-04-29T15:42:57","date_gmt":"2025-04-29T13:42:57","guid":{"rendered":"https:\/\/www.warak.com\/?p=24920"},"modified":"2025-04-29T15:48:09","modified_gmt":"2025-04-29T13:48:09","slug":"projecte-emmagatzematge-vertical-saica","status":"publish","type":"post","link":"https:\/\/www.warak.com\/ca\/projecte-emmagatzematge-vertical-saica\/","title":{"rendered":"Projecte d&#8217;emmagatzematge vertical per a Saica a It\u00e0lia"},"content":{"rendered":"\t\t<div data-elementor-type=\"wp-post\" data-elementor-id=\"24920\" class=\"elementor elementor-24920 elementor-24898\">\n\t\t\t\t\t\t<section class=\"elementor-section elementor-top-section elementor-element elementor-element-aeb34dd elementor-section-boxed elementor-section-height-default elementor-section-height-default\" data-id=\"aeb34dd\" data-element_type=\"section\" data-e-type=\"section\">\n\t\t\t\t\t\t<div class=\"elementor-container elementor-column-gap-default\">\n\t\t\t\t\t<div class=\"elementor-column elementor-col-100 elementor-top-column elementor-element elementor-element-163acfc5\" data-id=\"163acfc5\" data-element_type=\"column\" data-e-type=\"column\">\n\t\t\t<div class=\"elementor-widget-wrap elementor-element-populated\">\n\t\t\t\t\t\t<div class=\"elementor-element elementor-element-3e9b8f81 elementor-widget elementor-widget-text-editor\" data-id=\"3e9b8f81\" data-element_type=\"widget\" data-e-type=\"widget\" data-widget_type=\"text-editor.default\">\n\t\t\t\t<div class=\"elementor-widget-container\">\n\t\t\t\t\t\t\t\t\t\n\n\n<p><\/p>\n\t\t\t\t\t\t\t\t<\/div>\n\t\t\t\t<\/div>\n\t\t\t\t\t<\/div>\n\t\t<\/div>\n\t\t\t\t\t<\/div>\n\t\t<\/section>\n\t\t\t\t<section class=\"elementor-section elementor-top-section elementor-element elementor-element-dacf1bf elementor-section-boxed elementor-section-height-default elementor-section-height-default\" data-id=\"dacf1bf\" data-element_type=\"section\" data-e-type=\"section\">\n\t\t\t\t\t\t<div class=\"elementor-container elementor-column-gap-default\">\n\t\t\t\t\t<div class=\"elementor-column elementor-col-100 elementor-top-column elementor-element elementor-element-e3724de\" data-id=\"e3724de\" data-element_type=\"column\" data-e-type=\"column\">\n\t\t\t<div class=\"elementor-widget-wrap elementor-element-populated\">\n\t\t\t\t\t\t<div class=\"elementor-element elementor-element-9b5a0a9 elementor-widget elementor-widget-text-editor\" data-id=\"9b5a0a9\" data-element_type=\"widget\" data-e-type=\"widget\" data-widget_type=\"text-editor.default\">\n\t\t\t\t<div class=\"elementor-widget-container\">\n\t\t\t\t\t\t\t\t\t<h2><strong data-start=\"84\" data-end=\"143\">Projecte d&#8217;emmagatzematge vertical per a Saica a It\u00e0lia<\/strong><\/h2>\n<p><br data-start=\"143\" data-end=\"146\" \/>Nou magatzem vertical per a Saica a It\u00e0lia: fabricaci\u00f3 de racks i transelevadors<br data-start=\"226\" data-end=\"229\" \/>Hem iniciat la fase de fabricaci\u00f3 dels racks i transelevadors que formaran part del nou magatzem vertical destinat a la f\u00e0brica de Sta. Maria de Ho\u00e9 de Saica a It\u00e0lia. Aquest projecte representa un nou pas en la nostra col\u00b7laboraci\u00f3 amb Saica, consolidant el nostre comprom\u00eds amb solucions log\u00edstiques automatitzades i d&#8217;alta efici\u00e8ncia.<br data-start=\"566\" data-end=\"569\" \/>El nou magatzem vertical es construir\u00e0 per actuar com a pulm\u00f3 log\u00edstic entre la nova onduladora Fosber (una l\u00ednia de producci\u00f3 de cartr\u00f3 ondulat de darrera generaci\u00f3) i la secci\u00f3 de transformaci\u00f3, on es realitza el acabat i la transformaci\u00f3 a producte final.<br data-start=\"827\" data-end=\"830\" \/>Amb aquest nou magatzem, Saica refor\u00e7a la seva aposta per la innovaci\u00f3 tecnol\u00f2gica i la millora cont\u00ednua dels seus processos productius a It\u00e0lia.<\/p>\t\t\t\t\t\t\t\t<\/div>\n\t\t\t\t<\/div>\n\t\t\t\t\t<\/div>\n\t\t<\/div>\n\t\t\t\t\t<\/div>\n\t\t<\/section>\n\t\t\t\t<\/div>\n\t\t","protected":false},"excerpt":{"rendered":"<p>Projecte d&#8217;emmagatzematge vertical per a Saica a It\u00e0lia Nou magatzem vertical per a Saica a It\u00e0lia: fabricaci\u00f3 de racks i transelevadorsHem iniciat la fase de fabricaci\u00f3 dels racks i transelevadors&#8230;<\/p>\n","protected":false},"author":8,"featured_media":24901,"comment_status":"closed","ping_status":"closed","sticky":false,"template":"","format":"standard","meta":{"inline_featured_image":false,"_price":"","_stock":"","_tribe_ticket_header":"","_tribe_default_ticket_provider":"","_ticket_start_date":"","_ticket_end_date":"","_tribe_ticket_show_description":"","_tribe_ticket_show_not_going":false,"_tribe_ticket_use_global_stock":"","_tribe_ticket_global_stock_level":"","_global_stock_mode":"","_global_stock_cap":"","_tribe_rsvp_for_event":"","_tribe_ticket_going_count":"","_tribe_ticket_not_going_count":"","_tribe_tickets_list":"[]","_tribe_ticket_has_attendee_info_fields":false,"footnotes":""},"categories":[1761],"tags":[],"class_list":["post-24920","post","type-post","status-publish","format-standard","has-post-thumbnail","hentry","category-maquinaria-ca"],"_links":{"self":[{"href":"https:\/\/www.warak.com\/ca\/wp-json\/wp\/v2\/posts\/24920","targetHints":{"allow":["GET"]}}],"collection":[{"href":"https:\/\/www.warak.com\/ca\/wp-json\/wp\/v2\/posts"}],"about":[{"href":"https:\/\/www.warak.com\/ca\/wp-json\/wp\/v2\/types\/post"}],"author":[{"embeddable":true,"href":"https:\/\/www.warak.com\/ca\/wp-json\/wp\/v2\/users\/8"}],"replies":[{"embeddable":true,"href":"https:\/\/www.warak.com\/ca\/wp-json\/wp\/v2\/comments?post=24920"}],"version-history":[{"count":4,"href":"https:\/\/www.warak.com\/ca\/wp-json\/wp\/v2\/posts\/24920\/revisions"}],"predecessor-version":[{"id":24924,"href":"https:\/\/www.warak.com\/ca\/wp-json\/wp\/v2\/posts\/24920\/revisions\/24924"}],"wp:featuredmedia":[{"embeddable":true,"href":"https:\/\/www.warak.com\/ca\/wp-json\/wp\/v2\/media\/24901"}],"wp:attachment":[{"href":"https:\/\/www.warak.com\/ca\/wp-json\/wp\/v2\/media?parent=24920"}],"wp:term":[{"taxonomy":"category","embeddable":true,"href":"https:\/\/www.warak.com\/ca\/wp-json\/wp\/v2\/categories?post=24920"},{"taxonomy":"post_tag","embeddable":true,"href":"https:\/\/www.warak.com\/ca\/wp-json\/wp\/v2\/tags?post=24920"}],"curies":[{"name":"wp","href":"https:\/\/api.w.org\/{rel}","templated":true}]}}