{"id":26018,"date":"2025-10-01T12:43:18","date_gmt":"2025-10-01T10:43:18","guid":{"rendered":"https:\/\/www.warak.com\/?p=26018"},"modified":"2025-10-01T12:44:25","modified_gmt":"2025-10-01T10:44:25","slug":"nou-magatzem-vertical-saica-a-italia","status":"publish","type":"post","link":"https:\/\/www.warak.com\/ca\/nou-magatzem-vertical-saica-a-italia\/","title":{"rendered":"En marxa el nou magatzem vertical per a Saica a It\u00e0lia"},"content":{"rendered":"<div class=\"vgblk-rw-wrapper limit-wrapper\">\n\n\tWarak ha iniciat la construcci\u00f3 del nou magatzem vertical per a la f\u00e0brica de Saica a Santa Maria Ho\u00e8, It\u00e0lia, un projecte que refor\u00e7a la col\u00b7laboraci\u00f3 tecnol\u00f2gica entre Warak i Emmepigroup. Aquesta instal\u00b7laci\u00f3 forma part de l&#8217;estrat\u00e8gia de modernitzaci\u00f3 i automatitzaci\u00f3 dels processos log\u00edstics i industrials del Grup Saica a Europa.\nEl magatzem, actualment en fase d&#8217;execuci\u00f3, estar\u00e0 completament integrat dins del proc\u00e9s intralog\u00edstic automatitzat desenvolupat per Emmepigroup, cosa que permetr\u00e0 una gesti\u00f3 eficient, segura i cont\u00ednua del flux de materials dins la planta. Aquesta soluci\u00f3 intralog\u00edstica avan\u00e7ada optimitza l&#8217;emmagatzematge i moviment del cartr\u00f3 i contribueix a millorar el rendiment general de la producci\u00f3.\nAmb aquest projecte, Warak consolida la seva pres\u00e8ncia al mercat itali\u00e0 i refor\u00e7a el seu paper com a soci tecnol\u00f2gic clau en solucions automatitzades per al sector del cartr\u00f3 i l&#8217;embalatge industrial.\n\t\n\t\t\t\t\t\t\t<img fetchpriority=\"high\" fetchpriority=\"high\" decoding=\"async\" src=\"https:\/\/www.warak.com\/wp-content\/uploads\/2025\/09\/Imagen-de-WhatsApp-2025-09-18-a-las-18.42.18_ae3ec8d3.jpg\" alt=\"almac\u00e9n vertical \" itemprop=\"image\" height=\"1200\" width=\"1600\" title=\"Imagen de WhatsApp 2025-09-18 a las 18.42.18_ae3ec8d3\" onerror=\"this.style.display='none'\"  sizes=\"(max-width: 768px) 100vw, 100vw\" srcset=\"https:\/\/www.warak.com\/wp-content\/uploads\/2025\/09\/Imagen-de-WhatsApp-2025-09-18-a-las-18.42.18_ae3ec8d3.jpg 1600w, https:\/\/www.warak.com\/wp-content\/uploads\/2025\/09\/Imagen-de-WhatsApp-2025-09-18-a-las-18.42.18_ae3ec8d3-300x225.jpg 300w, https:\/\/www.warak.com\/wp-content\/uploads\/2025\/09\/Imagen-de-WhatsApp-2025-09-18-a-las-18.42.18_ae3ec8d3-1024x768.jpg 1024w, https:\/\/www.warak.com\/wp-content\/uploads\/2025\/09\/Imagen-de-WhatsApp-2025-09-18-a-las-18.42.18_ae3ec8d3-768x576.jpg 768w, https:\/\/www.warak.com\/wp-content\/uploads\/2025\/09\/Imagen-de-WhatsApp-2025-09-18-a-las-18.42.18_ae3ec8d3-1536x1152.jpg 1536w, https:\/\/www.warak.com\/wp-content\/uploads\/2025\/09\/Imagen-de-WhatsApp-2025-09-18-a-las-18.42.18_ae3ec8d3-1260x945.jpg 1260w, https:\/\/www.warak.com\/wp-content\/uploads\/2025\/09\/Imagen-de-WhatsApp-2025-09-18-a-las-18.42.18_ae3ec8d3-630x473.jpg 630w, https:\/\/www.warak.com\/wp-content\/uploads\/2025\/09\/Imagen-de-WhatsApp-2025-09-18-a-las-18.42.18_ae3ec8d3-420x315.jpg 420w, https:\/\/www.warak.com\/wp-content\/uploads\/2025\/09\/Imagen-de-WhatsApp-2025-09-18-a-las-18.42.18_ae3ec8d3-840x630.jpg 840w, https:\/\/www.warak.com\/wp-content\/uploads\/2025\/09\/Imagen-de-WhatsApp-2025-09-18-a-las-18.42.18_ae3ec8d3-315x236.jpg 315w\" \/>\t\t\t\t\t\t\t\n\n<\/div><!-- .vgblk-rw-wrapper -->","protected":false},"excerpt":{"rendered":"<p>Warak ha iniciat la construcci\u00f3 del nou magatzem vertical per a la f\u00e0brica de Saica a Santa Maria Ho\u00e8, It\u00e0lia, un projecte que refor\u00e7a la col\u00b7laboraci\u00f3 tecnol\u00f2gica entre Warak i&#8230;<\/p>\n","protected":false},"author":8,"featured_media":25973,"comment_status":"closed","ping_status":"closed","sticky":false,"template":"","format":"standard","meta":{"inline_featured_image":false,"_price":"","_stock":"","_tribe_ticket_header":"","_tribe_default_ticket_provider":"","_ticket_start_date":"","_ticket_end_date":"","_tribe_ticket_show_description":"","_tribe_ticket_show_not_going":false,"_tribe_ticket_use_global_stock":"","_tribe_ticket_global_stock_level":"","_global_stock_mode":"","_global_stock_cap":"","_tribe_rsvp_for_event":"","_tribe_ticket_going_count":"","_tribe_ticket_not_going_count":"","_tribe_tickets_list":"[]","_tribe_ticket_has_attendee_info_fields":false,"footnotes":""},"categories":[2055],"tags":[],"class_list":["post-26018","post","type-post","status-publish","format-standard","has-post-thumbnail","hentry","category-industrial-ca"],"_links":{"self":[{"href":"https:\/\/www.warak.com\/ca\/wp-json\/wp\/v2\/posts\/26018","targetHints":{"allow":["GET"]}}],"collection":[{"href":"https:\/\/www.warak.com\/ca\/wp-json\/wp\/v2\/posts"}],"about":[{"href":"https:\/\/www.warak.com\/ca\/wp-json\/wp\/v2\/types\/post"}],"author":[{"embeddable":true,"href":"https:\/\/www.warak.com\/ca\/wp-json\/wp\/v2\/users\/8"}],"replies":[{"embeddable":true,"href":"https:\/\/www.warak.com\/ca\/wp-json\/wp\/v2\/comments?post=26018"}],"version-history":[{"count":2,"href":"https:\/\/www.warak.com\/ca\/wp-json\/wp\/v2\/posts\/26018\/revisions"}],"predecessor-version":[{"id":26021,"href":"https:\/\/www.warak.com\/ca\/wp-json\/wp\/v2\/posts\/26018\/revisions\/26021"}],"wp:featuredmedia":[{"embeddable":true,"href":"https:\/\/www.warak.com\/ca\/wp-json\/wp\/v2\/media\/25973"}],"wp:attachment":[{"href":"https:\/\/www.warak.com\/ca\/wp-json\/wp\/v2\/media?parent=26018"}],"wp:term":[{"taxonomy":"category","embeddable":true,"href":"https:\/\/www.warak.com\/ca\/wp-json\/wp\/v2\/categories?post=26018"},{"taxonomy":"post_tag","embeddable":true,"href":"https:\/\/www.warak.com\/ca\/wp-json\/wp\/v2\/tags?post=26018"}],"curies":[{"name":"wp","href":"https:\/\/api.w.org\/{rel}","templated":true}]}}