{"id":26176,"date":"2026-01-14T11:54:49","date_gmt":"2026-01-14T10:54:49","guid":{"rendered":"https:\/\/www.warak.com\/?p=26176"},"modified":"2026-01-14T11:55:35","modified_gmt":"2026-01-14T10:55:35","slug":"warak-acord-estrategic-grup-emmepi","status":"publish","type":"post","link":"https:\/\/www.warak.com\/ca\/warak-acord-estrategic-grup-emmepi\/","title":{"rendered":"Warak signa un acord estrat\u00e8gic amb el Grup Emmepi per liderar l\u2019automatitzaci\u00f3 en el sector del cartr\u00f3 ondulat"},"content":{"rendered":"<div class=\"vgblk-rw-wrapper limit-wrapper\">\n\n\tA Warak hem tancat un acord de col\u00b7laboraci\u00f3 exclusiva amb el Grup Emmepi per al disseny, la fabricaci\u00f3 i el muntatge de magatzems verticals destinats al sector del cartr\u00f3 ondulat a nivell mundial. Aquesta col\u00b7laboraci\u00f3 s&#8217;est\u00e9n a tots els mercats internacionals, amb l&#8217;\u00fanica excepci\u00f3 dels Estats Units, on des de fa anys treballem conjuntament amb l&#8217;empresa americana WSA USA.\nAquest acord estrat\u00e8gic amb el Grup Emmepi, sumat als nous desenvolupaments de solucions d&#8217;automatitzaci\u00f3 de Warak, incloent-hi robots m\u00f2bils, AGV i AMR, permetr\u00e0 a ambdues companyies posicionar-se com a referents en el proc\u00e9s d&#8217;automatitzaci\u00f3 del sector, oferint solucions integrals i altament eficients en tots els nostres mercats.\nEn l\u00ednia amb aquesta aposta per la innovaci\u00f3 i el creixement, Warak refor\u00e7a el seu equip t\u00e8cnic amb la incorporaci\u00f3 de tres nous enginyers. Gr\u00e0cies a la seva experi\u00e8ncia i coneixement especialitzat, podrem accelerar el desenvolupament de la nostra l\u00ednia de negoci en rob\u00f2tica, AGV i AMR, aix\u00ed com completar amb m\u00e9s agilitat els projectes en curs i continuar impulsant solucions avan\u00e7ades d&#8217;intralog\u00edstica.\n\n<\/div><!-- .vgblk-rw-wrapper -->","protected":false},"excerpt":{"rendered":"<p>A Warak hem tancat un acord de col\u00b7laboraci\u00f3 exclusiva amb el Grup Emmepi per al disseny, la fabricaci\u00f3 i el muntatge de magatzems verticals destinats al sector del cartr\u00f3 ondulat&#8230;<\/p>\n","protected":false},"author":8,"featured_media":26210,"comment_status":"closed","ping_status":"closed","sticky":false,"template":"","format":"standard","meta":{"inline_featured_image":false,"_price":"","_stock":"","_tribe_ticket_header":"","_tribe_default_ticket_provider":"","_ticket_start_date":"","_ticket_end_date":"","_tribe_ticket_show_description":"","_tribe_ticket_show_not_going":false,"_tribe_ticket_use_global_stock":"","_tribe_ticket_global_stock_level":"","_global_stock_mode":"","_global_stock_cap":"","_tribe_rsvp_for_event":"","_tribe_ticket_going_count":"","_tribe_ticket_not_going_count":"","_tribe_tickets_list":"[]","_tribe_ticket_has_attendee_info_fields":false,"footnotes":""},"categories":[2055],"tags":[],"class_list":["post-26176","post","type-post","status-publish","format-standard","has-post-thumbnail","hentry","category-industrial-ca"],"_links":{"self":[{"href":"https:\/\/www.warak.com\/ca\/wp-json\/wp\/v2\/posts\/26176","targetHints":{"allow":["GET"]}}],"collection":[{"href":"https:\/\/www.warak.com\/ca\/wp-json\/wp\/v2\/posts"}],"about":[{"href":"https:\/\/www.warak.com\/ca\/wp-json\/wp\/v2\/types\/post"}],"author":[{"embeddable":true,"href":"https:\/\/www.warak.com\/ca\/wp-json\/wp\/v2\/users\/8"}],"replies":[{"embeddable":true,"href":"https:\/\/www.warak.com\/ca\/wp-json\/wp\/v2\/comments?post=26176"}],"version-history":[{"count":2,"href":"https:\/\/www.warak.com\/ca\/wp-json\/wp\/v2\/posts\/26176\/revisions"}],"predecessor-version":[{"id":26179,"href":"https:\/\/www.warak.com\/ca\/wp-json\/wp\/v2\/posts\/26176\/revisions\/26179"}],"wp:featuredmedia":[{"embeddable":true,"href":"https:\/\/www.warak.com\/ca\/wp-json\/wp\/v2\/media\/26210"}],"wp:attachment":[{"href":"https:\/\/www.warak.com\/ca\/wp-json\/wp\/v2\/media?parent=26176"}],"wp:term":[{"taxonomy":"category","embeddable":true,"href":"https:\/\/www.warak.com\/ca\/wp-json\/wp\/v2\/categories?post=26176"},{"taxonomy":"post_tag","embeddable":true,"href":"https:\/\/www.warak.com\/ca\/wp-json\/wp\/v2\/tags?post=26176"}],"curies":[{"name":"wp","href":"https:\/\/api.w.org\/{rel}","templated":true}]}}