{"id":20868,"date":"2019-10-23T13:09:13","date_gmt":"2019-10-23T11:09:13","guid":{"rendered":"https:\/\/www.warak.com\/asistimos-a-la-feria-fefco-2019-en-ginebra\/"},"modified":"2025-09-16T09:59:58","modified_gmt":"2025-09-16T07:59:58","slug":"asistimos-a-la-feria-fefco-2019-en-ginebra","status":"publish","type":"post","link":"https:\/\/www.warak.com\/de\/asistimos-a-la-feria-fefco-2019-en-ginebra\/","title":{"rendered":"Wir besuchten die FEFCO 2019 Messe in Genf"},"content":{"rendered":"<div class=\"vgblk-rw-wrapper limit-wrapper\">\n\n\tIn diesem Jahr standen auf der FEFCO-Messe die Themen <strong data-start=\"166\" data-end=\"254\">Automatisierungssysteme, Fernsteuerung, Produktivit\u00e4tssteigerung, R\u00fcckverfolgbarkeit<\/strong> &#8230; kurz gesagt, die bereits bekannte <strong data-start=\"291\" data-end=\"308\">Industrie 4.0<\/strong>, die l\u00e4ngst keine Zukunftsvision mehr ist. Dies zeigen die Hersteller, indem sie ihre Neuheiten auf dieser Messe pr\u00e4sentieren.\nIm Bereich der Produktivit\u00e4tssteigerung sticht besonders das <strong data-start=\"500\" data-end=\"519\">vertikale Lager<\/strong> hervor, das sich als beste Alternative positioniert, um den Fabriken die n\u00f6tige Flexibilit\u00e4t und Automatisierung zur Leistungssteigerung zu bieten &#8211; weit entfernt von flachen oder hybriden Systemen, die nur halbherzige oder kurzfristige L\u00f6sungen darstellen.\nIm Bereich Konnektivit\u00e4t stellte unser vertretenes Unternehmen <strong data-start=\"844\" data-end=\"854\">FOSBER<\/strong> sein neues <strong data-start=\"866\" data-end=\"906\">PRO-CARE Technisches Assistenzsystem<\/strong> vor, das Kosten spart und sofortige Unterst\u00fctzung erm\u00f6glicht &#8211; dank eines Remote-Assistenzhelms kann der Anlagenbediener jede Situation l\u00f6sen, indem er Vision und Informationen in Echtzeit mit dem Support-Center teilt.\nF\u00fcr weitere Informationen zu diesem System k\u00f6nnen Sie die <strong><a href=\"https:\/\/youtu.be\/uU3DwAtMm4I\" target=\"_blank\" rel=\"noopener\">Pr\u00e4sentation<\/a><\/strong>.\n\n<\/div><!-- .vgblk-rw-wrapper -->","protected":false},"excerpt":{"rendered":"<p>In diesem Jahr standen auf der FEFCO-Messe die Themen Automatisierungssysteme, Fernsteuerung, Produktivit\u00e4tssteigerung, R\u00fcckverfolgbarkeit &#8230; kurz gesagt, die bereits bekannte Industrie 4.0, die l\u00e4ngst keine Zukunftsvision mehr ist. Dies zeigen die&#8230;<\/p>\n","protected":false},"author":1,"featured_media":20870,"comment_status":"closed","ping_status":"closed","sticky":false,"template":"","format":"standard","meta":{"inline_featured_image":false,"_price":"","_stock":"","_tribe_ticket_header":"","_tribe_default_ticket_provider":"","_ticket_start_date":"","_ticket_end_date":"","_tribe_ticket_show_description":"","_tribe_ticket_show_not_going":false,"_tribe_ticket_use_global_stock":"","_tribe_ticket_global_stock_level":"","_global_stock_mode":"","_global_stock_cap":"","_tribe_rsvp_for_event":"","_tribe_ticket_going_count":"","_tribe_ticket_not_going_count":"","_tribe_tickets_list":"[]","_tribe_ticket_has_attendee_info_fields":false,"footnotes":""},"categories":[1553],"tags":[1554,100],"class_list":["post-20868","post","type-post","status-publish","format-standard","has-post-thumbnail","hentry","category-corrugated-de","tag-ferias-y-eventos-de","tag-ferias-y-eventos"],"_links":{"self":[{"href":"https:\/\/www.warak.com\/de\/wp-json\/wp\/v2\/posts\/20868","targetHints":{"allow":["GET"]}}],"collection":[{"href":"https:\/\/www.warak.com\/de\/wp-json\/wp\/v2\/posts"}],"about":[{"href":"https:\/\/www.warak.com\/de\/wp-json\/wp\/v2\/types\/post"}],"author":[{"embeddable":true,"href":"https:\/\/www.warak.com\/de\/wp-json\/wp\/v2\/users\/1"}],"replies":[{"embeddable":true,"href":"https:\/\/www.warak.com\/de\/wp-json\/wp\/v2\/comments?post=20868"}],"version-history":[{"count":2,"href":"https:\/\/www.warak.com\/de\/wp-json\/wp\/v2\/posts\/20868\/revisions"}],"predecessor-version":[{"id":25929,"href":"https:\/\/www.warak.com\/de\/wp-json\/wp\/v2\/posts\/20868\/revisions\/25929"}],"wp:featuredmedia":[{"embeddable":true,"href":"https:\/\/www.warak.com\/de\/wp-json\/wp\/v2\/media\/20870"}],"wp:attachment":[{"href":"https:\/\/www.warak.com\/de\/wp-json\/wp\/v2\/media?parent=20868"}],"wp:term":[{"taxonomy":"category","embeddable":true,"href":"https:\/\/www.warak.com\/de\/wp-json\/wp\/v2\/categories?post=20868"},{"taxonomy":"post_tag","embeddable":true,"href":"https:\/\/www.warak.com\/de\/wp-json\/wp\/v2\/tags?post=20868"}],"curies":[{"name":"wp","href":"https:\/\/api.w.org\/{rel}","templated":true}]}}