{"id":20937,"date":"2019-07-05T09:50:34","date_gmt":"2019-07-05T07:50:34","guid":{"rendered":"https:\/\/www.warak.com\/xix-congreso-de-afco-en-huelva\/"},"modified":"2025-09-16T10:12:15","modified_gmt":"2025-09-16T08:12:15","slug":"xix-congreso-de-afco-en-huelva","status":"publish","type":"post","link":"https:\/\/www.warak.com\/de\/xix-congreso-de-afco-en-huelva\/","title":{"rendered":"XIX. AFCO-Kongress in Huelva"},"content":{"rendered":"<div class=\"vgblk-rw-wrapper limit-wrapper\">\n\n\tDrei Tage voller Vortr\u00e4ge und Aktivit\u00e4ten, organisiert von der <strong data-start=\"161\" data-end=\"169\">AFCO<\/strong>, boten die M\u00f6glichkeit, Wissen zu erneuern und Erfahrungen unter den knapp <strong data-start=\"245\" data-end=\"264\">200 Teilnehmern<\/strong> auszutauschen, die die aktuelle Situation der Wellpappenbranche in Spanien repr\u00e4sentierten.\nHerr <strong data-start=\"365\" data-end=\"389\">Leopoldo Santorrom\u00e1n<\/strong>, Pr\u00e4sident von AFCO, vermittelte eine positive Botschaft, unterst\u00fctzt durch Vortr\u00e4ge namhafter Analysten, die Trends und Herausforderungen behandelten, die unseren Sektor und unsere Unternehmen betreffen.\nDie allgemeine Schlussfolgerung war, dass das <strong data-start=\"644\" data-end=\"680\">Wachstum der Kreislaufwirtschaft<\/strong> als Motor f\u00fcr Nachhaltigkeit sowie das zunehmende Bewusstsein der Verbraucher f\u00fcr die <strong data-start=\"767\" data-end=\"809\">Reduzierung von Kunststoffverpackungen<\/strong> ein Wachstumsumfeld f\u00fcr Unternehmen garantiert, die sich der Idee des <strong data-start=\"880\" data-end=\"894\">Recyclings<\/strong> und der <strong data-start=\"903\" data-end=\"923\">gr\u00fcnen Industrie<\/strong> im Allgemeinen verschreiben.\n\n<\/div><!-- .vgblk-rw-wrapper -->","protected":false},"excerpt":{"rendered":"<p>Drei Tage voller Vortr\u00e4ge und Aktivit\u00e4ten, organisiert von der AFCO, boten die M\u00f6glichkeit, Wissen zu erneuern und Erfahrungen unter den knapp 200 Teilnehmern auszutauschen, die die aktuelle Situation der Wellpappenbranche&#8230;<\/p>\n","protected":false},"author":1,"featured_media":20938,"comment_status":"closed","ping_status":"closed","sticky":false,"template":"","format":"standard","meta":{"inline_featured_image":false,"_price":"","_stock":"","_tribe_ticket_header":"","_tribe_default_ticket_provider":"","_ticket_start_date":"","_ticket_end_date":"","_tribe_ticket_show_description":"","_tribe_ticket_show_not_going":false,"_tribe_ticket_use_global_stock":"","_tribe_ticket_global_stock_level":"","_global_stock_mode":"","_global_stock_cap":"","_tribe_rsvp_for_event":"","_tribe_ticket_going_count":"","_tribe_ticket_not_going_count":"","_tribe_tickets_list":"[]","_tribe_ticket_has_attendee_info_fields":false,"footnotes":""},"categories":[1553],"tags":[105,1556],"class_list":["post-20937","post","type-post","status-publish","format-standard","has-post-thumbnail","hentry","category-corrugated-de","tag-ferias-sector","tag-ferias-sector-de"],"_links":{"self":[{"href":"https:\/\/www.warak.com\/de\/wp-json\/wp\/v2\/posts\/20937","targetHints":{"allow":["GET"]}}],"collection":[{"href":"https:\/\/www.warak.com\/de\/wp-json\/wp\/v2\/posts"}],"about":[{"href":"https:\/\/www.warak.com\/de\/wp-json\/wp\/v2\/types\/post"}],"author":[{"embeddable":true,"href":"https:\/\/www.warak.com\/de\/wp-json\/wp\/v2\/users\/1"}],"replies":[{"embeddable":true,"href":"https:\/\/www.warak.com\/de\/wp-json\/wp\/v2\/comments?post=20937"}],"version-history":[{"count":3,"href":"https:\/\/www.warak.com\/de\/wp-json\/wp\/v2\/posts\/20937\/revisions"}],"predecessor-version":[{"id":25939,"href":"https:\/\/www.warak.com\/de\/wp-json\/wp\/v2\/posts\/20937\/revisions\/25939"}],"wp:featuredmedia":[{"embeddable":true,"href":"https:\/\/www.warak.com\/de\/wp-json\/wp\/v2\/media\/20938"}],"wp:attachment":[{"href":"https:\/\/www.warak.com\/de\/wp-json\/wp\/v2\/media?parent=20937"}],"wp:term":[{"taxonomy":"category","embeddable":true,"href":"https:\/\/www.warak.com\/de\/wp-json\/wp\/v2\/categories?post=20937"},{"taxonomy":"post_tag","embeddable":true,"href":"https:\/\/www.warak.com\/de\/wp-json\/wp\/v2\/tags?post=20937"}],"curies":[{"name":"wp","href":"https:\/\/api.w.org\/{rel}","templated":true}]}}