{"id":19981,"date":"2019-09-01T16:39:51","date_gmt":"2019-09-01T14:39:51","guid":{"rendered":"https:\/\/www.warak.com\/feria-acccsa-2019\/"},"modified":"2025-08-26T11:37:21","modified_gmt":"2025-08-26T09:37:21","slug":"feria-acccsa-2019","status":"publish","type":"post","link":"https:\/\/www.warak.com\/fr\/feria-acccsa-2019\/","title":{"rendered":"Pr\u00e9sent au 39e salon de l&rsquo;American Corrugators Association (ACCCSA)"},"content":{"rendered":"<div class=\"vgblk-rw-wrapper limit-wrapper\">\n<p id=\"tw-target-text\"><\/p>\n\n\n\nHemos presentado en la convenci\u00f3n anual de ACCCSA (Asoc. Corrugadores del Caribe, Centro y SurAm\u00e9rica) nuestras novedades y \u00faltimos proyectos en movimentaci\u00f3n y almacenaje vertical inteligente, instalaciones de preparaci\u00f3n y distribuci\u00f3n de cola y los \u00faltimos avances tecnol\u00f3gicos en tratamientos de agua residual FQ, EDA o MBR.\n<p>Gran nivel t\u00e9cnico en exposici\u00f3n y conferencias en un magn\u00edfico entorno. Enhorabuena a la organizaci\u00f3n.<\/p>\n<p>Gracias a todos los visitantes por el inter\u00e9s mostrado. Nos vemos el a\u00f1o pr\u00f3ximo!<\/p>\n\n\n\n<p><\/p>\n<\/div><!-- .vgblk-rw-wrapper -->","protected":false},"excerpt":{"rendered":"<p>Hemos presentado en la convenci\u00f3n anual de ACCCSA (Asoc. Corrugadores del Caribe, Centro y SurAm\u00e9rica) nuestras novedades y \u00faltimos proyectos en movimentaci\u00f3n y almacenaje vertical inteligente, instalaciones de preparaci\u00f3n y&#8230;<\/p>\n","protected":false},"author":1,"featured_media":19983,"comment_status":"closed","ping_status":"closed","sticky":false,"template":"","format":"standard","meta":{"inline_featured_image":false,"_price":"","_stock":"","_tribe_ticket_header":"","_tribe_default_ticket_provider":"","_ticket_start_date":"","_ticket_end_date":"","_tribe_ticket_show_description":"","_tribe_ticket_show_not_going":false,"_tribe_ticket_use_global_stock":"","_tribe_ticket_global_stock_level":"","_global_stock_mode":"","_global_stock_cap":"","_tribe_rsvp_for_event":"","_tribe_ticket_going_count":"","_tribe_ticket_not_going_count":"","_tribe_tickets_list":"[]","_tribe_ticket_has_attendee_info_fields":false,"footnotes":""},"categories":[1003],"tags":[100,1004],"class_list":["post-19981","post","type-post","status-publish","format-standard","has-post-thumbnail","hentry","category-corrugated-fr","tag-ferias-y-eventos","tag-ferias-y-eventos-fr"],"_links":{"self":[{"href":"https:\/\/www.warak.com\/fr\/wp-json\/wp\/v2\/posts\/19981","targetHints":{"allow":["GET"]}}],"collection":[{"href":"https:\/\/www.warak.com\/fr\/wp-json\/wp\/v2\/posts"}],"about":[{"href":"https:\/\/www.warak.com\/fr\/wp-json\/wp\/v2\/types\/post"}],"author":[{"embeddable":true,"href":"https:\/\/www.warak.com\/fr\/wp-json\/wp\/v2\/users\/1"}],"replies":[{"embeddable":true,"href":"https:\/\/www.warak.com\/fr\/wp-json\/wp\/v2\/comments?post=19981"}],"version-history":[{"count":3,"href":"https:\/\/www.warak.com\/fr\/wp-json\/wp\/v2\/posts\/19981\/revisions"}],"predecessor-version":[{"id":25617,"href":"https:\/\/www.warak.com\/fr\/wp-json\/wp\/v2\/posts\/19981\/revisions\/25617"}],"wp:featuredmedia":[{"embeddable":true,"href":"https:\/\/www.warak.com\/fr\/wp-json\/wp\/v2\/media\/19983"}],"wp:attachment":[{"href":"https:\/\/www.warak.com\/fr\/wp-json\/wp\/v2\/media?parent=19981"}],"wp:term":[{"taxonomy":"category","embeddable":true,"href":"https:\/\/www.warak.com\/fr\/wp-json\/wp\/v2\/categories?post=19981"},{"taxonomy":"post_tag","embeddable":true,"href":"https:\/\/www.warak.com\/fr\/wp-json\/wp\/v2\/tags?post=19981"}],"curies":[{"name":"wp","href":"https:\/\/api.w.org\/{rel}","templated":true}]}}