{"id":19986,"date":"2019-07-05T09:50:34","date_gmt":"2019-07-05T07:50:34","guid":{"rendered":"https:\/\/www.warak.com\/xix-congreso-de-afco-en-huelva\/"},"modified":"2025-09-16T10:21:48","modified_gmt":"2025-09-16T08:21:48","slug":"xix-congreso-de-afco-en-huelva","status":"publish","type":"post","link":"https:\/\/www.warak.com\/fr\/xix-congreso-de-afco-en-huelva\/","title":{"rendered":"XIXe Congr\u00e8s de l\u2019AFCO \u00e0 Huelva"},"content":{"rendered":"<div class=\"vgblk-rw-wrapper limit-wrapper\">\n\n\tTrois jours de conf\u00e9rences et d&rsquo;activit\u00e9s organis\u00e9s par l&rsquo;association <strong data-start=\"172\" data-end=\"180\">AFCO<\/strong> ont permis de <strong data-start=\"195\" data-end=\"227\">renouveler les connaissances<\/strong> et de <strong data-start=\"234\" data-end=\"262\">partager des exp\u00e9riences<\/strong> entre les pr\u00e8s de <strong data-start=\"281\" data-end=\"301\">200 participants<\/strong>, repr\u00e9sentant le panorama actuel du secteur du carton en Espagne.\nM. <strong data-start=\"374\" data-end=\"398\">Leopoldo Santorrom\u00e1n<\/strong>, pr\u00e9sident de l&rsquo;AFCO, a lanc\u00e9 un <strong data-start=\"432\" data-end=\"451\">message positif<\/strong>, soutenu par des conf\u00e9rences de <strong data-start=\"484\" data-end=\"506\">analystes renomm\u00e9s<\/strong> qui ont abord\u00e9 les tendances et probl\u00e9matiques affectant notre secteur et nos entreprises.\nLa conclusion g\u00e9n\u00e9rale a \u00e9t\u00e9 que la <strong data-start=\"637\" data-end=\"676\">croissance de l&rsquo;\u00e9conomie circulaire<\/strong>, en tant que moteur de durabilit\u00e9, et la <strong data-start=\"718\" data-end=\"761\">conscience croissante des consommateurs<\/strong> sur la r\u00e9duction de l&rsquo;utilisation des plastiques dans les emballages garantissent une <strong data-start=\"848\" data-end=\"871\">phase de croissance<\/strong> pour les entreprises qui s&rsquo;associent \u00e0 l&rsquo;id\u00e9e du <strong data-start=\"921\" data-end=\"934\">recyclage<\/strong> et de l&rsquo;<strong data-start=\"943\" data-end=\"962\">industrie verte<\/strong> en g\u00e9n\u00e9ral.\n\n<\/div><!-- .vgblk-rw-wrapper -->","protected":false},"excerpt":{"rendered":"<p>Trois jours de conf\u00e9rences et d&rsquo;activit\u00e9s organis\u00e9s par l&rsquo;association AFCO ont permis de renouveler les connaissances et de partager des exp\u00e9riences entre les pr\u00e8s de 200 participants, repr\u00e9sentant le panorama&#8230;<\/p>\n","protected":false},"author":1,"featured_media":19987,"comment_status":"closed","ping_status":"closed","sticky":false,"template":"","format":"standard","meta":{"inline_featured_image":false,"_price":"","_stock":"","_tribe_ticket_header":"","_tribe_default_ticket_provider":"","_ticket_start_date":"","_ticket_end_date":"","_tribe_ticket_show_description":"","_tribe_ticket_show_not_going":false,"_tribe_ticket_use_global_stock":"","_tribe_ticket_global_stock_level":"","_global_stock_mode":"","_global_stock_cap":"","_tribe_rsvp_for_event":"","_tribe_ticket_going_count":"","_tribe_ticket_not_going_count":"","_tribe_tickets_list":"[]","_tribe_ticket_has_attendee_info_fields":false,"footnotes":""},"categories":[1003],"tags":[105,1005],"class_list":["post-19986","post","type-post","status-publish","format-standard","has-post-thumbnail","hentry","category-corrugated-fr","tag-ferias-sector","tag-ferias-sector-fr"],"_links":{"self":[{"href":"https:\/\/www.warak.com\/fr\/wp-json\/wp\/v2\/posts\/19986","targetHints":{"allow":["GET"]}}],"collection":[{"href":"https:\/\/www.warak.com\/fr\/wp-json\/wp\/v2\/posts"}],"about":[{"href":"https:\/\/www.warak.com\/fr\/wp-json\/wp\/v2\/types\/post"}],"author":[{"embeddable":true,"href":"https:\/\/www.warak.com\/fr\/wp-json\/wp\/v2\/users\/1"}],"replies":[{"embeddable":true,"href":"https:\/\/www.warak.com\/fr\/wp-json\/wp\/v2\/comments?post=19986"}],"version-history":[{"count":3,"href":"https:\/\/www.warak.com\/fr\/wp-json\/wp\/v2\/posts\/19986\/revisions"}],"predecessor-version":[{"id":25947,"href":"https:\/\/www.warak.com\/fr\/wp-json\/wp\/v2\/posts\/19986\/revisions\/25947"}],"wp:featuredmedia":[{"embeddable":true,"href":"https:\/\/www.warak.com\/fr\/wp-json\/wp\/v2\/media\/19987"}],"wp:attachment":[{"href":"https:\/\/www.warak.com\/fr\/wp-json\/wp\/v2\/media?parent=19986"}],"wp:term":[{"taxonomy":"category","embeddable":true,"href":"https:\/\/www.warak.com\/fr\/wp-json\/wp\/v2\/categories?post=19986"},{"taxonomy":"post_tag","embeddable":true,"href":"https:\/\/www.warak.com\/fr\/wp-json\/wp\/v2\/tags?post=19986"}],"curies":[{"name":"wp","href":"https:\/\/api.w.org\/{rel}","templated":true}]}}