{"id":20679,"date":"2019-10-23T13:09:13","date_gmt":"2019-10-23T11:09:13","guid":{"rendered":"https:\/\/www.warak.com\/asistimos-a-la-feria-fefco-2019-en-ginebra\/"},"modified":"2019-12-19T10:28:06","modified_gmt":"2019-12-19T09:28:06","slug":"asistimos-a-la-feria-fefco-2019-en-ginebra","status":"publish","type":"post","link":"https:\/\/www.warak.com\/pt-pt\/asistimos-a-la-feria-fefco-2019-en-ginebra\/","title":{"rendered":"Asistimos a la feria FEFCO 2019 en Ginebra"},"content":{"rendered":"<div class=\"vgblk-rw-wrapper limit-wrapper\">\nEste a\u00f1o los protagonistas de FEFCO han sido los sistemas de automatizaci\u00f3n, acci\u00f3n remota, mejora de productividad, trazabilidad&#8230; en fin, la ya conocida industria 4.0 que ya no es algo lejano, y as\u00ed lo demuestran los fabricantes lanzando sus novedades en esta feria.\nEn cuanto a mejora de productividad, destaca el almac\u00e9n vertical, que se posiciona como la mejor alternativa para proporcionar a las f\u00e1bricas el pulm\u00f3n y la automatizaci\u00f3n para mejorar su rendimiento, lejos ya de sistemas planos o h\u00edbridos, que representan soluciones a medias o a un plazo muy corto.\nEn cuanto a conectividad, nuestra representada FOSBER present\u00f3 su nuevo sistema de asistencia t\u00e9cnica PRO-CARE, que ahorra costes y permite asistencia al momento gracias a su casco de atenci\u00f3n remota, con el que el operario en planta puede solucionar cualquier situaci\u00f3n compartiendo visi\u00f3n e informaci\u00f3n con el centro de asistencia en tiempo real.\nPara m\u00e1s informaci\u00f3n sobre este sistema, puede ver la presentaci\u00f3n a trav\u00e9s de <a href=\"https:\/\/youtu.be\/uU3DwAtMm4I\" target=\"_blank\" rel=\"noopener noreferrer\"><strong>este enlace.<\/strong><\/a>\n<\/div><!-- .vgblk-rw-wrapper -->","protected":false},"excerpt":{"rendered":"<p>Este a\u00f1o los protagonistas de FEFCO han sido los sistemas de automatizaci\u00f3n, acci\u00f3n remota, mejora de productividad, trazabilidad&#8230; en fin, la ya conocida industria 4.0 que ya no es algo&#8230;<\/p>\n","protected":false},"author":1,"featured_media":20681,"comment_status":"closed","ping_status":"closed","sticky":false,"template":"","format":"standard","meta":{"inline_featured_image":false,"_price":"","_stock":"","_tribe_ticket_header":"","_tribe_default_ticket_provider":"","_ticket_start_date":"","_ticket_end_date":"","_tribe_ticket_show_description":"","_tribe_ticket_show_not_going":false,"_tribe_ticket_use_global_stock":"","_tribe_ticket_global_stock_level":"","_global_stock_mode":"","_global_stock_cap":"","_tribe_rsvp_for_event":"","_tribe_ticket_going_count":"","_tribe_ticket_not_going_count":"","_tribe_tickets_list":"[]","_tribe_ticket_has_attendee_info_fields":false,"footnotes":""},"categories":[1461],"tags":[100,1462],"class_list":["post-20679","post","type-post","status-publish","format-standard","has-post-thumbnail","hentry","category-corrugated-pt-pt","tag-ferias-y-eventos","tag-ferias-y-eventos-pt-pt"],"_links":{"self":[{"href":"https:\/\/www.warak.com\/pt-pt\/wp-json\/wp\/v2\/posts\/20679","targetHints":{"allow":["GET"]}}],"collection":[{"href":"https:\/\/www.warak.com\/pt-pt\/wp-json\/wp\/v2\/posts"}],"about":[{"href":"https:\/\/www.warak.com\/pt-pt\/wp-json\/wp\/v2\/types\/post"}],"author":[{"embeddable":true,"href":"https:\/\/www.warak.com\/pt-pt\/wp-json\/wp\/v2\/users\/1"}],"replies":[{"embeddable":true,"href":"https:\/\/www.warak.com\/pt-pt\/wp-json\/wp\/v2\/comments?post=20679"}],"version-history":[{"count":0,"href":"https:\/\/www.warak.com\/pt-pt\/wp-json\/wp\/v2\/posts\/20679\/revisions"}],"wp:featuredmedia":[{"embeddable":true,"href":"https:\/\/www.warak.com\/pt-pt\/wp-json\/wp\/v2\/media\/20681"}],"wp:attachment":[{"href":"https:\/\/www.warak.com\/pt-pt\/wp-json\/wp\/v2\/media?parent=20679"}],"wp:term":[{"taxonomy":"category","embeddable":true,"href":"https:\/\/www.warak.com\/pt-pt\/wp-json\/wp\/v2\/categories?post=20679"},{"taxonomy":"post_tag","embeddable":true,"href":"https:\/\/www.warak.com\/pt-pt\/wp-json\/wp\/v2\/tags?post=20679"}],"curies":[{"name":"wp","href":"https:\/\/api.w.org\/{rel}","templated":true}]}}