{"id":20685,"date":"2019-09-01T16:39:51","date_gmt":"2019-09-01T14:39:51","guid":{"rendered":"https:\/\/www.warak.com\/feria-acccsa-2019\/"},"modified":"2025-09-16T10:45:05","modified_gmt":"2025-09-16T08:45:05","slug":"feria-acccsa-2019","status":"publish","type":"post","link":"https:\/\/www.warak.com\/pt-pt\/feria-acccsa-2019\/","title":{"rendered":"Presentes na 39. Feira da Associa\u00e7\u00e3o de Corrugadores Americanos ACCCSA"},"content":{"rendered":"<div class=\"vgblk-rw-wrapper limit-wrapper\">\n\n\tApresent\u00e1mos na <strong data-start=\"159\" data-end=\"188\">conven\u00e7\u00e3o anual da ACCCSA<\/strong> (Assoc. Corrugadores do Caribe, Am\u00e9rica Central e do Sul) as nossas novidades e os \u00faltimos projetos em <strong data-start=\"292\" data-end=\"345\">movimenta\u00e7\u00e3o e armazenamento vertical inteligente<\/strong>, <strong data-start=\"347\" data-end=\"399\">instala\u00e7\u00f5es de prepara\u00e7\u00e3o e distribui\u00e7\u00e3o de cola<\/strong> e os mais recentes <strong data-start=\"419\" data-end=\"476\">avan\u00e7os tecnol\u00f3gicos no tratamento de \u00e1guas residuais<\/strong> FQ, EDA ou MBR.\nExcelente n\u00edvel t\u00e9cnico nas exposi\u00e7\u00f5es e confer\u00eancias, num ambiente magn\u00edfico. Parab\u00e9ns \u00e0 organiza\u00e7\u00e3o!\nAgradecemos a todos os visitantes pelo interesse demonstrado. <strong data-start=\"664\" data-end=\"687\">At\u00e9 ao pr\u00f3ximo ano!<\/strong>\n\n<\/div><!-- .vgblk-rw-wrapper -->","protected":false},"excerpt":{"rendered":"<p>Apresent\u00e1mos na conven\u00e7\u00e3o anual da ACCCSA (Assoc. Corrugadores do Caribe, Am\u00e9rica Central e do Sul) as nossas novidades e os \u00faltimos projetos em movimenta\u00e7\u00e3o e armazenamento vertical inteligente, instala\u00e7\u00f5es de&#8230;<\/p>\n","protected":false},"author":1,"featured_media":20687,"comment_status":"closed","ping_status":"closed","sticky":false,"template":"","format":"standard","meta":{"inline_featured_image":false,"_price":"","_stock":"","_tribe_ticket_header":"","_tribe_default_ticket_provider":"","_ticket_start_date":"","_ticket_end_date":"","_tribe_ticket_show_description":"","_tribe_ticket_show_not_going":false,"_tribe_ticket_use_global_stock":"","_tribe_ticket_global_stock_level":"","_global_stock_mode":"","_global_stock_cap":"","_tribe_rsvp_for_event":"","_tribe_ticket_going_count":"","_tribe_ticket_not_going_count":"","_tribe_tickets_list":"[]","_tribe_ticket_has_attendee_info_fields":false,"footnotes":""},"categories":[1461],"tags":[100,1462],"class_list":["post-20685","post","type-post","status-publish","format-standard","has-post-thumbnail","hentry","category-corrugated-pt-pt","tag-ferias-y-eventos","tag-ferias-y-eventos-pt-pt"],"_links":{"self":[{"href":"https:\/\/www.warak.com\/pt-pt\/wp-json\/wp\/v2\/posts\/20685","targetHints":{"allow":["GET"]}}],"collection":[{"href":"https:\/\/www.warak.com\/pt-pt\/wp-json\/wp\/v2\/posts"}],"about":[{"href":"https:\/\/www.warak.com\/pt-pt\/wp-json\/wp\/v2\/types\/post"}],"author":[{"embeddable":true,"href":"https:\/\/www.warak.com\/pt-pt\/wp-json\/wp\/v2\/users\/1"}],"replies":[{"embeddable":true,"href":"https:\/\/www.warak.com\/pt-pt\/wp-json\/wp\/v2\/comments?post=20685"}],"version-history":[{"count":3,"href":"https:\/\/www.warak.com\/pt-pt\/wp-json\/wp\/v2\/posts\/20685\/revisions"}],"predecessor-version":[{"id":25952,"href":"https:\/\/www.warak.com\/pt-pt\/wp-json\/wp\/v2\/posts\/20685\/revisions\/25952"}],"wp:featuredmedia":[{"embeddable":true,"href":"https:\/\/www.warak.com\/pt-pt\/wp-json\/wp\/v2\/media\/20687"}],"wp:attachment":[{"href":"https:\/\/www.warak.com\/pt-pt\/wp-json\/wp\/v2\/media?parent=20685"}],"wp:term":[{"taxonomy":"category","embeddable":true,"href":"https:\/\/www.warak.com\/pt-pt\/wp-json\/wp\/v2\/categories?post=20685"},{"taxonomy":"post_tag","embeddable":true,"href":"https:\/\/www.warak.com\/pt-pt\/wp-json\/wp\/v2\/tags?post=20685"}],"curies":[{"name":"wp","href":"https:\/\/api.w.org\/{rel}","templated":true}]}}