{"id":20693,"date":"2019-07-05T09:50:34","date_gmt":"2019-07-05T07:50:34","guid":{"rendered":"https:\/\/www.warak.com\/xix-congreso-de-afco-en-huelva\/"},"modified":"2025-09-16T10:47:12","modified_gmt":"2025-09-16T08:47:12","slug":"xix-congreso-de-afco-en-huelva","status":"publish","type":"post","link":"https:\/\/www.warak.com\/pt-pt\/xix-congreso-de-afco-en-huelva\/","title":{"rendered":"XIX Congresso da AFCO em Huelva"},"content":{"rendered":"<div class=\"vgblk-rw-wrapper limit-wrapper\">\n\n\tTr\u00eas dias de palestras e atividades organizadas pela associa\u00e7\u00e3o <strong data-start=\"168\" data-end=\"176\">AFCO<\/strong> permitiram <strong data-start=\"188\" data-end=\"213\">renovar conhecimentos<\/strong> e <strong data-start=\"216\" data-end=\"242\">partilhar experi\u00eancias<\/strong> entre cerca de <strong data-start=\"258\" data-end=\"279\">200 participantes<\/strong>, que representaram o panorama atual do setor do cart\u00e3o em Espanha.\nO Sr. <strong data-start=\"356\" data-end=\"380\">Leopoldo Santorrom\u00e1n<\/strong>, presidente da AFCO, transmitiu uma <strong data-start=\"417\" data-end=\"441\">mensagem de otimismo<\/strong>, apoiada por palestras de <strong data-start=\"468\" data-end=\"494\">analistas reconhecidos<\/strong> que abordaram tend\u00eancias e problemas que afetam o nosso setor e as nossas empresas.\nA conclus\u00e3o geral foi que o <strong data-start=\"610\" data-end=\"646\">crescimento da economia circular<\/strong>, como motor para a sustentabilidade, e a <strong data-start=\"688\" data-end=\"730\">consci\u00eancia crescente dos consumidores<\/strong> sobre a redu\u00e7\u00e3o do uso de pl\u00e1sticos nas embalagens, garantem uma <strong data-start=\"796\" data-end=\"819\">fase de crescimento<\/strong> para as empresas que estejam associadas \u00e0 ideia de <strong data-start=\"871\" data-end=\"885\">reciclagem<\/strong> e \u00e0 <strong data-start=\"890\" data-end=\"909\">ind\u00fastria verde<\/strong> em geral.\n\n<\/div><!-- .vgblk-rw-wrapper -->","protected":false},"excerpt":{"rendered":"<p>Tr\u00eas dias de palestras e atividades organizadas pela associa\u00e7\u00e3o AFCO permitiram renovar conhecimentos e partilhar experi\u00eancias entre cerca de 200 participantes, que representaram o panorama atual do setor do cart\u00e3o&#8230;<\/p>\n","protected":false},"author":1,"featured_media":20694,"comment_status":"closed","ping_status":"closed","sticky":false,"template":"","format":"standard","meta":{"inline_featured_image":false,"_price":"","_stock":"","_tribe_ticket_header":"","_tribe_default_ticket_provider":"","_ticket_start_date":"","_ticket_end_date":"","_tribe_ticket_show_description":"","_tribe_ticket_show_not_going":false,"_tribe_ticket_use_global_stock":"","_tribe_ticket_global_stock_level":"","_global_stock_mode":"","_global_stock_cap":"","_tribe_rsvp_for_event":"","_tribe_ticket_going_count":"","_tribe_ticket_not_going_count":"","_tribe_tickets_list":"[]","_tribe_ticket_has_attendee_info_fields":false,"footnotes":""},"categories":[1461],"tags":[105,1464],"class_list":["post-20693","post","type-post","status-publish","format-standard","has-post-thumbnail","hentry","category-corrugated-pt-pt","tag-ferias-sector","tag-ferias-sector-pt-pt"],"_links":{"self":[{"href":"https:\/\/www.warak.com\/pt-pt\/wp-json\/wp\/v2\/posts\/20693","targetHints":{"allow":["GET"]}}],"collection":[{"href":"https:\/\/www.warak.com\/pt-pt\/wp-json\/wp\/v2\/posts"}],"about":[{"href":"https:\/\/www.warak.com\/pt-pt\/wp-json\/wp\/v2\/types\/post"}],"author":[{"embeddable":true,"href":"https:\/\/www.warak.com\/pt-pt\/wp-json\/wp\/v2\/users\/1"}],"replies":[{"embeddable":true,"href":"https:\/\/www.warak.com\/pt-pt\/wp-json\/wp\/v2\/comments?post=20693"}],"version-history":[{"count":3,"href":"https:\/\/www.warak.com\/pt-pt\/wp-json\/wp\/v2\/posts\/20693\/revisions"}],"predecessor-version":[{"id":25955,"href":"https:\/\/www.warak.com\/pt-pt\/wp-json\/wp\/v2\/posts\/20693\/revisions\/25955"}],"wp:featuredmedia":[{"embeddable":true,"href":"https:\/\/www.warak.com\/pt-pt\/wp-json\/wp\/v2\/media\/20694"}],"wp:attachment":[{"href":"https:\/\/www.warak.com\/pt-pt\/wp-json\/wp\/v2\/media?parent=20693"}],"wp:term":[{"taxonomy":"category","embeddable":true,"href":"https:\/\/www.warak.com\/pt-pt\/wp-json\/wp\/v2\/categories?post=20693"},{"taxonomy":"post_tag","embeddable":true,"href":"https:\/\/www.warak.com\/pt-pt\/wp-json\/wp\/v2\/tags?post=20693"}],"curies":[{"name":"wp","href":"https:\/\/api.w.org\/{rel}","templated":true}]}}