{"id":24948,"date":"2025-04-29T16:01:16","date_gmt":"2025-04-29T14:01:16","guid":{"rendered":"https:\/\/www.warak.com\/?p=24948"},"modified":"2025-04-29T16:01:47","modified_gmt":"2025-04-29T14:01:47","slug":"projeto-armazem-vertical-saica","status":"publish","type":"post","link":"https:\/\/www.warak.com\/pt-pt\/projeto-armazem-vertical-saica\/","title":{"rendered":"Projeto de armaz\u00e9m vertical para a Saica na It\u00e1lia"},"content":{"rendered":"\t\t<div data-elementor-type=\"wp-post\" data-elementor-id=\"24948\" class=\"elementor elementor-24948 elementor-24898\">\n\t\t\t\t\t\t<section class=\"elementor-section elementor-top-section elementor-element elementor-element-aeb34dd elementor-section-boxed elementor-section-height-default elementor-section-height-default\" data-id=\"aeb34dd\" data-element_type=\"section\" data-e-type=\"section\">\n\t\t\t\t\t\t<div class=\"elementor-container elementor-column-gap-default\">\n\t\t\t\t\t<div class=\"elementor-column elementor-col-100 elementor-top-column elementor-element elementor-element-163acfc5\" data-id=\"163acfc5\" data-element_type=\"column\" data-e-type=\"column\">\n\t\t\t<div class=\"elementor-widget-wrap elementor-element-populated\">\n\t\t\t\t\t\t<div class=\"elementor-element elementor-element-3e9b8f81 elementor-widget elementor-widget-text-editor\" data-id=\"3e9b8f81\" data-element_type=\"widget\" data-e-type=\"widget\" data-widget_type=\"text-editor.default\">\n\t\t\t\t<div class=\"elementor-widget-container\">\n\t\t\t\t\t\t\t\t\t\n\n\n<p><\/p>\n\t\t\t\t\t\t\t\t<\/div>\n\t\t\t\t<\/div>\n\t\t\t\t\t<\/div>\n\t\t<\/div>\n\t\t\t\t\t<\/div>\n\t\t<\/section>\n\t\t\t\t<section class=\"elementor-section elementor-top-section elementor-element elementor-element-dacf1bf elementor-section-boxed elementor-section-height-default elementor-section-height-default\" data-id=\"dacf1bf\" data-element_type=\"section\" data-e-type=\"section\">\n\t\t\t\t\t\t<div class=\"elementor-container elementor-column-gap-default\">\n\t\t\t\t\t<div class=\"elementor-column elementor-col-100 elementor-top-column elementor-element elementor-element-e3724de\" data-id=\"e3724de\" data-element_type=\"column\" data-e-type=\"column\">\n\t\t\t<div class=\"elementor-widget-wrap elementor-element-populated\">\n\t\t\t\t\t\t<div class=\"elementor-element elementor-element-9b5a0a9 elementor-widget elementor-widget-text-editor\" data-id=\"9b5a0a9\" data-element_type=\"widget\" data-e-type=\"widget\" data-widget_type=\"text-editor.default\">\n\t\t\t\t<div class=\"elementor-widget-container\">\n\t\t\t\t\t\t\t\t\t<h2><strong>Novo armaz\u00e9m vertical para a Saica na It\u00e1lia: fabrica\u00e7\u00e3o de racks e transelevadores<\/strong><\/h2>\n<p><br data-start=\"3939\" data-end=\"3942\" \/>Iniciamos a fase de fabrica\u00e7\u00e3o dos racks e transelevadores que far\u00e3o parte do novo armaz\u00e9m vertical destinado \u00e0 f\u00e1brica de Santa Maria de Ho\u00e9 da Saica na It\u00e1lia. Este projeto representa um novo passo na nossa colabora\u00e7\u00e3o com a Saica, consolidando o nosso compromisso com solu\u00e7\u00f5es log\u00edsticas automatizadas e de alta efici\u00eancia.<br data-start=\"4268\" data-end=\"4271\" \/>O novo armaz\u00e9m vertical ser\u00e1 constru\u00eddo para atuar como pulm\u00e3o log\u00edstico entre a nova onduladora Fosber (uma linha de produ\u00e7\u00e3o de papel\u00e3o ondulado de \u00faltima gera\u00e7\u00e3o) e a se\u00e7\u00e3o de transforma\u00e7\u00e3o, onde \u00e9 realizada a finaliza\u00e7\u00e3o e transforma\u00e7\u00e3o em produto final.<br data-start=\"4529\" data-end=\"4532\" \/>Com este novo armaz\u00e9m, a Saica refor\u00e7a a sua aposta na inova\u00e7\u00e3o tecnol\u00f3gica e na melhoria cont\u00ednua dos seus processos produtivos na It\u00e1lia.<\/p>\t\t\t\t\t\t\t\t<\/div>\n\t\t\t\t<\/div>\n\t\t\t\t\t<\/div>\n\t\t<\/div>\n\t\t\t\t\t<\/div>\n\t\t<\/section>\n\t\t\t\t<\/div>\n\t\t","protected":false},"excerpt":{"rendered":"<p>Novo armaz\u00e9m vertical para a Saica na It\u00e1lia: fabrica\u00e7\u00e3o de racks e transelevadores Iniciamos a fase de fabrica\u00e7\u00e3o dos racks e transelevadores que far\u00e3o parte do novo armaz\u00e9m vertical destinado&#8230;<\/p>\n","protected":false},"author":8,"featured_media":24906,"comment_status":"closed","ping_status":"closed","sticky":false,"template":"","format":"standard","meta":{"inline_featured_image":false,"_price":"","_stock":"","_tribe_ticket_header":"","_tribe_default_ticket_provider":"","_ticket_start_date":"","_ticket_end_date":"","_tribe_ticket_show_description":"","_tribe_ticket_show_not_going":false,"_tribe_ticket_use_global_stock":"","_tribe_ticket_global_stock_level":"","_global_stock_mode":"","_global_stock_cap":"","_tribe_rsvp_for_event":"","_tribe_ticket_going_count":"","_tribe_ticket_not_going_count":"","_tribe_tickets_list":"[]","_tribe_ticket_has_attendee_info_fields":false,"footnotes":""},"categories":[1463],"tags":[],"class_list":["post-24948","post","type-post","status-publish","format-standard","has-post-thumbnail","hentry","category-maquinaria-pt-pt"],"_links":{"self":[{"href":"https:\/\/www.warak.com\/pt-pt\/wp-json\/wp\/v2\/posts\/24948","targetHints":{"allow":["GET"]}}],"collection":[{"href":"https:\/\/www.warak.com\/pt-pt\/wp-json\/wp\/v2\/posts"}],"about":[{"href":"https:\/\/www.warak.com\/pt-pt\/wp-json\/wp\/v2\/types\/post"}],"author":[{"embeddable":true,"href":"https:\/\/www.warak.com\/pt-pt\/wp-json\/wp\/v2\/users\/8"}],"replies":[{"embeddable":true,"href":"https:\/\/www.warak.com\/pt-pt\/wp-json\/wp\/v2\/comments?post=24948"}],"version-history":[{"count":4,"href":"https:\/\/www.warak.com\/pt-pt\/wp-json\/wp\/v2\/posts\/24948\/revisions"}],"predecessor-version":[{"id":24952,"href":"https:\/\/www.warak.com\/pt-pt\/wp-json\/wp\/v2\/posts\/24948\/revisions\/24952"}],"wp:featuredmedia":[{"embeddable":true,"href":"https:\/\/www.warak.com\/pt-pt\/wp-json\/wp\/v2\/media\/24906"}],"wp:attachment":[{"href":"https:\/\/www.warak.com\/pt-pt\/wp-json\/wp\/v2\/media?parent=24948"}],"wp:term":[{"taxonomy":"category","embeddable":true,"href":"https:\/\/www.warak.com\/pt-pt\/wp-json\/wp\/v2\/categories?post=24948"},{"taxonomy":"post_tag","embeddable":true,"href":"https:\/\/www.warak.com\/pt-pt\/wp-json\/wp\/v2\/tags?post=24948"}],"curies":[{"name":"wp","href":"https:\/\/api.w.org\/{rel}","templated":true}]}}